{"id":1120,"date":"2012-05-18T09:55:46","date_gmt":"2012-05-18T12:55:46","guid":{"rendered":"http:\/\/oxisdoproblema.com.br\/?p=1120"},"modified":"2012-05-18T09:55:46","modified_gmt":"2012-05-18T12:55:46","slug":"planeta-controla-a-tusquets-de-novo","status":"publish","type":"post","link":"http:\/\/oxisdoproblema.com.br\/?p=1120","title":{"rendered":"Planeta controla a Tusquets &#8211; de novo"},"content":{"rendered":"<p><figure id=\"attachment_1122\" aria-describedby=\"caption-attachment-1122\" style=\"width: 215px\" class=\"wp-caption alignleft\"><a href=\"http:\/\/oxisdoproblema.com.br\/?attachment_id=1122\" onclick=\"return TrackClick('http%3A%2F%2Foxisdoproblema.com.br%2F%3Fattachment_id%3D1122','bm+1')\" rel=\"attachment wp-att-1122\"><img decoding=\"async\" loading=\"lazy\" src=\"http:\/\/oxisdoproblema.com.br\/wp-content\/uploads\/2012\/05\/bm-11.jpg\" alt=\"\" title=\"bm 1\" width=\"215\" height=\"359\" class=\"size-full wp-image-1122\" srcset=\"http:\/\/oxisdoproblema.com.br\/wp-content\/uploads\/2012\/05\/bm-11.jpg 215w, http:\/\/oxisdoproblema.com.br\/wp-content\/uploads\/2012\/05\/bm-11-179x300.jpg 179w\" sizes=\"(max-width: 215px) 100vw, 215px\" \/><\/a><figcaption id=\"caption-attachment-1122\" class=\"wp-caption-text\">Beatriz de Moura em priscas eras. Foto de Isabel Steva i Hern\u00e1ndez<\/figcaption><\/figure><figure id=\"attachment_1123\" aria-describedby=\"caption-attachment-1123\" style=\"width: 300px\" class=\"wp-caption alignright\"><a href=\"http:\/\/oxisdoproblema.com.br\/?attachment_id=1123\" onclick=\"return TrackClick('http%3A%2F%2Foxisdoproblema.com.br%2F%3Fattachment_id%3D1123','Beatriz_Moura_Antonio_Lopez_Lamadrid')\" rel=\"attachment wp-att-1123\"><img decoding=\"async\" loading=\"lazy\" src=\"http:\/\/oxisdoproblema.com.br\/wp-content\/uploads\/2012\/05\/Beatriz_Moura_Antonio_Lopez_Lamadrid-300x220.jpg\" alt=\"\" title=\"Beatriz_Moura_Antonio_Lopez_Lamadrid\" width=\"300\" height=\"220\" class=\"size-medium wp-image-1123\" srcset=\"http:\/\/oxisdoproblema.com.br\/wp-content\/uploads\/2012\/05\/Beatriz_Moura_Antonio_Lopez_Lamadrid-300x220.jpg 300w, http:\/\/oxisdoproblema.com.br\/wp-content\/uploads\/2012\/05\/Beatriz_Moura_Antonio_Lopez_Lamadrid.jpg 620w\" sizes=\"(max-width: 300px) 100vw, 300px\" \/><\/a><figcaption id=\"caption-attachment-1123\" class=\"wp-caption-text\">Beatris de Moura e Antonio Lopez Lamadrid, da Tusquets<\/figcaption><\/figure><br \/>\nBeatriz de Moura, fundadora e controladora da <strong>Tusquets<\/strong>, uma das editoras liter\u00e1rias independentes da Espanha, anunciou que vendeu pelo menos 50% da empresa para o conglomerado da <strong>Planeta<\/strong>.<\/p>\n<p>Beatriz de Moura, cuja beleza e intelig\u00eancia foram celebrados pela intelectualidade espanhola desde os anos sessenta, era filha de um diplomata brasileiro, estudou tradu\u00e7\u00e3o liter\u00e1ria, hist\u00f3ria e ci\u00eancias sociais em Genebra. Em 1968, casada com Oscar Tusquets, fundou a editora, que logo se tornou uma refer\u00eancia no mundo intelectual espanhol nesse per\u00edodo do franquismo tardio e in\u00edcio da redemocratiza\u00e7\u00e3o.<\/p>\n<p>Em 2009 morre seu segundo marido e s\u00f3cio, Antonio Lopez. O casal j\u00e1 havia tentado uma associa\u00e7\u00e3o com a <strong>Planeta<\/strong> em 1995. Tr\u00eas anos depois o casal comprou de volta os 40% que <strong>Planeta<\/strong> detinha na <strong>Tusquets<\/strong>. Desta vez, Beatriz de Moura declarou que &#8220;tirou um peso&#8221; das costas e que a editora precisava garantir sua continuidade nessa \u00e9poca de transforma\u00e7\u00f5es, com as publica\u00e7\u00f5es digitais e as dificuldades dos novos tempos. Ela se disse preocupada com o emprego de seus 24 colaboradores e pensou nisso ao se associar \u00e0 Planeta.<\/p>\n","protected":false},"excerpt":{"rendered":"<p>Beatriz de Moura, fundadora e controladora da Tusquets, uma das editoras liter\u00e1rias independentes da Espanha, anunciou que vendeu pelo menos 50% da empresa para o conglomerado da Planeta. Beatriz de Moura, cuja beleza e intelig\u00eancia foram celebrados pela intelectualidade espanhola desde os anos sessenta, era filha de um diplomata brasileiro, estudou tradu\u00e7\u00e3o liter\u00e1ria, hist\u00f3ria e &hellip; <a href=\"http:\/\/oxisdoproblema.com.br\/?p=1120\" onclick=\"return TrackClick('http%3A%2F%2Foxisdoproblema.com.br%2F%3Fp%3D1120','Continue+lendo+Planeta+controla+a+Tusquets+%26%238211%3B+de+novo+%26rarr%3B')\" class=\"more-link\">Continue lendo <span class=\"screen-reader-text\">Planeta controla a Tusquets &#8211; de novo<\/span> <span class=\"meta-nav\">&rarr;<\/span><\/a><\/p>\n","protected":false},"author":1,"featured_media":0,"comment_status":"open","ping_status":"open","sticky":false,"template":"","format":"standard","meta":[],"categories":[1],"tags":[325,182,250,324],"_links":{"self":[{"href":"http:\/\/oxisdoproblema.com.br\/index.php?rest_route=\/wp\/v2\/posts\/1120"}],"collection":[{"href":"http:\/\/oxisdoproblema.com.br\/index.php?rest_route=\/wp\/v2\/posts"}],"about":[{"href":"http:\/\/oxisdoproblema.com.br\/index.php?rest_route=\/wp\/v2\/types\/post"}],"author":[{"embeddable":true,"href":"http:\/\/oxisdoproblema.com.br\/index.php?rest_route=\/wp\/v2\/users\/1"}],"replies":[{"embeddable":true,"href":"http:\/\/oxisdoproblema.com.br\/index.php?rest_route=%2Fwp%2Fv2%2Fcomments&post=1120"}],"version-history":[{"count":6,"href":"http:\/\/oxisdoproblema.com.br\/index.php?rest_route=\/wp\/v2\/posts\/1120\/revisions"}],"predecessor-version":[{"id":1129,"href":"http:\/\/oxisdoproblema.com.br\/index.php?rest_route=\/wp\/v2\/posts\/1120\/revisions\/1129"}],"wp:attachment":[{"href":"http:\/\/oxisdoproblema.com.br\/index.php?rest_route=%2Fwp%2Fv2%2Fmedia&parent=1120"}],"wp:term":[{"taxonomy":"category","embeddable":true,"href":"http:\/\/oxisdoproblema.com.br\/index.php?rest_route=%2Fwp%2Fv2%2Fcategories&post=1120"},{"taxonomy":"post_tag","embeddable":true,"href":"http:\/\/oxisdoproblema.com.br\/index.php?rest_route=%2Fwp%2Fv2%2Ftags&post=1120"}],"curies":[{"name":"wp","href":"https:\/\/api.w.org\/{rel}","templated":true}]}}