{"id":1116,"date":"2012-05-16T11:10:07","date_gmt":"2012-05-16T14:10:07","guid":{"rendered":"http:\/\/oxisdoproblema.com.br\/?p=1116"},"modified":"2012-05-16T11:12:25","modified_gmt":"2012-05-16T14:12:25","slug":"os-projetos-tramitam-no-congresso","status":"publish","type":"post","link":"http:\/\/oxisdoproblema.com.br\/?p=1116","title":{"rendered":"Os projetos tramitam no Congresso"},"content":{"rendered":"<p>A C\u00e2mara dos Deputados tem um sistema &#8220;push&#8221; de avisar a movimenta\u00e7\u00e3o de projetos de lei em tramita\u00e7\u00e3o na casa. De vez em quando seleciono alguns para ver como caminham as coisas,<\/p>\n<p>Hoje recebi o e-mail avisando que o PL 1508\/2003 (ou seja, apresentado em 2003), do Deputado Jos\u00e9 Mendon\u00e7a Bezerra (do ent\u00e3o PFL\/CE), recebeu designa\u00e7\u00e3o de relator na Comiss\u00e3o de Educa\u00e7\u00e3o e Cultura. \u00c9 o Deputado Chico Alencar, do PSOL\/RJ.<\/p>\n<p>O projeto do deputado pernambucano pretende estabelecer prazo m\u00ednimo de uso dos livros did\u00e1ticos na rede de ensino fundamental e m\u00e9dio. Quer que os livros sejam usado no m\u00ednimo por dois anos.<\/p>\n<p>Est\u00e3o apensados a esse projeto cinco outros. Todos tratando mais ou menos do mesmo tema: prazos para ado\u00e7\u00e3o do livro. Alguns pretendem que a lei obrigue inclusive as escolas particulares a adotar o mesmo livro por anos consecutivos. O que varia \u00e9 o prazo. O PL 4922\/2009, da Deputada Alice Portugal (PCdoB\/BA), \u00e9 um desses exemplos de projeto que chove no  molhado: obriga a pr\u00e9via avalia\u00e7\u00e3o do MEC para aquisi\u00e7\u00e3o dos livros com recursos do FUNDEB. Percebe-se que a combativa deputada baiana n\u00e3o tem a menor ideia do processo de sele\u00e7\u00e3o e compra dos livros por parte do FNDE.<\/p>\n<p>Esse tipo de projeto pode terminar com aprova\u00e7\u00e3o definitiva no \u00e2mbito das comiss\u00f5es. Como j\u00e1 escrevi antes, muitos deles acabam parando na Comiss\u00e3o de Constitui\u00e7\u00e3o e Justi\u00e7a. Mas o fato \u00e9 que o processo legislativo, ainda que lento, vai avan\u00e7ando. E se n\u00e3o prestarem aten\u00e7\u00e3o&#8230;<\/p>\n<p>A\u00ed est\u00e1 o link de acompanhamento da tramita\u00e7\u00e3o: http:\/\/www.camara.gov.br\/proposicoesWeb\/fichadetramitacao?idProposicao=125315<\/p>\n","protected":false},"excerpt":{"rendered":"<p>A C\u00e2mara dos Deputados tem um sistema &#8220;push&#8221; de avisar a movimenta\u00e7\u00e3o de projetos de lei em tramita\u00e7\u00e3o na casa. De vez em quando seleciono alguns para ver como caminham as coisas, Hoje recebi o e-mail avisando que o PL 1508\/2003 (ou seja, apresentado em 2003), do Deputado Jos\u00e9 Mendon\u00e7a Bezerra (do ent\u00e3o PFL\/CE), recebeu &hellip; <a href=\"http:\/\/oxisdoproblema.com.br\/?p=1116\" onclick=\"return TrackClick('http%3A%2F%2Foxisdoproblema.com.br%2F%3Fp%3D1116','Continue+lendo+Os+projetos+tramitam+no+Congresso+%26rarr%3B')\" class=\"more-link\">Continue lendo <span class=\"screen-reader-text\">Os projetos tramitam no Congresso<\/span> <span class=\"meta-nav\">&rarr;<\/span><\/a><\/p>\n","protected":false},"author":1,"featured_media":0,"comment_status":"open","ping_status":"open","sticky":false,"template":"","format":"standard","meta":[],"categories":[1],"tags":[323,276],"_links":{"self":[{"href":"http:\/\/oxisdoproblema.com.br\/index.php?rest_route=\/wp\/v2\/posts\/1116"}],"collection":[{"href":"http:\/\/oxisdoproblema.com.br\/index.php?rest_route=\/wp\/v2\/posts"}],"about":[{"href":"http:\/\/oxisdoproblema.com.br\/index.php?rest_route=\/wp\/v2\/types\/post"}],"author":[{"embeddable":true,"href":"http:\/\/oxisdoproblema.com.br\/index.php?rest_route=\/wp\/v2\/users\/1"}],"replies":[{"embeddable":true,"href":"http:\/\/oxisdoproblema.com.br\/index.php?rest_route=%2Fwp%2Fv2%2Fcomments&post=1116"}],"version-history":[{"count":3,"href":"http:\/\/oxisdoproblema.com.br\/index.php?rest_route=\/wp\/v2\/posts\/1116\/revisions"}],"predecessor-version":[{"id":1119,"href":"http:\/\/oxisdoproblema.com.br\/index.php?rest_route=\/wp\/v2\/posts\/1116\/revisions\/1119"}],"wp:attachment":[{"href":"http:\/\/oxisdoproblema.com.br\/index.php?rest_route=%2Fwp%2Fv2%2Fmedia&parent=1116"}],"wp:term":[{"taxonomy":"category","embeddable":true,"href":"http:\/\/oxisdoproblema.com.br\/index.php?rest_route=%2Fwp%2Fv2%2Fcategories&post=1116"},{"taxonomy":"post_tag","embeddable":true,"href":"http:\/\/oxisdoproblema.com.br\/index.php?rest_route=%2Fwp%2Fv2%2Ftags&post=1116"}],"curies":[{"name":"wp","href":"https:\/\/api.w.org\/{rel}","templated":true}]}}